{"id":223,"date":"2010-12-30T00:00:42","date_gmt":"2010-12-29T23:00:42","guid":{"rendered":"http:\/\/foerderverein-rammelsberg.de\/hp\/?p=223"},"modified":"2025-02-18T18:52:07","modified_gmt":"2025-02-18T17:52:07","slug":"2010-der-roederstollen","status":"publish","type":"post","link":"https:\/\/foerderverein-rammelsberg.de\/hp\/2010\/12\/30\/2010-der-roederstollen\/","title":{"rendered":"2010: Der R\u00f6derstollen"},"content":{"rendered":"\n<h2 class=\"wp-block-heading\">Denkmalpflege und Besucherf\u00fchrungen in der Zeit vor der Museumsgr\u00fcndung<\/h2>\n\n\n\n<p>Mitte der 1980er Jahre war absehbar, dass 1988 am Rammelsberg die Erzreserven und damit die F\u00f6rderung zu Ende gehen w\u00fcrden. Damit drohten nicht nur viele Arbeitspl\u00e4tze verloren zu gehen, sondern auch ans Herz gewachsene bergbauliche Traditionen. Zum Beispiel konnte der Besucherbetrieb im R\u00f6derstollen nicht mehr in Bergwerksregie weiter gef\u00fchrt werden, wie es bis dahin der Fall gewesen war. In dieser Phase wurde unser Verein gegr\u00fcndet, vor allem, um den R\u00f6derstollen f\u00fcr ein breites Publikum zu erhalten und daraus ein Bergbaumuseum zu entwickeln.<\/p>\n\n\n\n<div class=\"wpcf7 no-js\" id=\"wpcf7-f444-o1\" lang=\"de-DE\" dir=\"ltr\" data-wpcf7-id=\"444\">\n<div class=\"screen-reader-response\"><p role=\"status\" aria-live=\"polite\" aria-atomic=\"true\"><\/p> <ul><\/ul><\/div>\n<form action=\"\/hp\/wp-json\/wp\/v2\/posts\/223#wpcf7-f444-o1\" method=\"post\" class=\"wpcf7-form init\" aria-label=\"Kontaktformular\" novalidate=\"novalidate\" data-status=\"init\">\n<fieldset class=\"hidden-fields-container\"><input type=\"hidden\" name=\"_wpcf7\" value=\"444\" \/><input type=\"hidden\" name=\"_wpcf7_version\" value=\"6.1.5\" \/><input type=\"hidden\" name=\"_wpcf7_locale\" value=\"de_DE\" \/><input type=\"hidden\" name=\"_wpcf7_unit_tag\" value=\"wpcf7-f444-o1\" \/><input type=\"hidden\" name=\"_wpcf7_container_post\" value=\"0\" \/><input type=\"hidden\" name=\"_wpcf7_posted_data_hash\" value=\"\" \/>\n<\/fieldset>\n<p><label> Ich interessiere mich f\u00fcr diese Jahresgabe!<br \/>\nEinige unserer Jahresgaben sind noch in als Heft zu bekommen, andere nur noch als PDF Datei.<\/label><br \/>\n<label> Mein Name<br \/>\n<span class=\"wpcf7-form-control-wrap\" data-name=\"meinname\"><input size=\"40\" maxlength=\"400\" class=\"wpcf7-form-control wpcf7-text\" autocomplete=\"name\" aria-invalid=\"false\" value=\"\" type=\"text\" name=\"meinname\" \/><\/span> <\/label>\n<\/p>\n<p><label> E-Mail<br \/>\n<span class=\"wpcf7-form-control-wrap\" data-name=\"your-email\"><input size=\"40\" maxlength=\"400\" class=\"wpcf7-form-control wpcf7-email wpcf7-validates-as-required wpcf7-text wpcf7-validates-as-email\" autocomplete=\"email\" aria-required=\"true\" aria-invalid=\"false\" value=\"\" type=\"email\" name=\"your-email\" \/><\/span> <\/label>\n<\/p>\n<p><label> Version<br \/>\n<span class=\"wpcf7-form-control-wrap\" data-name=\"Version\"><select class=\"wpcf7-form-control wpcf7-select wpcf7-validates-as-required\" aria-required=\"true\" aria-invalid=\"false\" name=\"Version\"><option value=\"PDF\">PDF<\/option><option value=\"Heft\">Heft<\/option><\/select><\/span> <\/label>\n<\/p>\n<p><label> Was ich noch sagen m\u00f6chte:<br \/>\n<span class=\"wpcf7-form-control-wrap\" data-name=\"weiteres\"><input size=\"40\" maxlength=\"400\" class=\"wpcf7-form-control wpcf7-text\" aria-invalid=\"false\" value=\"\" type=\"text\" name=\"weiteres\" \/><\/span> <\/label>\n<\/p>\n<p><label> Du bist schlauer als ein Computer<br \/>\n<span class=\"wpcf7-form-control-wrap\" data-name=\"quiz-588\"><label><span class=\"wpcf7-quiz-label\">Welche Farbe haben die &quot;gelben Hefte&quot;<\/span> <input size=\"40\" class=\"wpcf7-form-control wpcf7-quiz\" autocomplete=\"off\" aria-required=\"true\" aria-invalid=\"false\" type=\"text\" name=\"quiz-588\" \/><\/label><input type=\"hidden\" name=\"_wpcf7_quiz_answer_quiz-588\" value=\"8ec666a24b0334d900dde2dab2b7d4d8\" \/><\/span> <\/label>\n<\/p>\n<p><input class=\"wpcf7-form-control wpcf7-submit has-spinner\" type=\"submit\" value=\"Anfrage absenden\" \/>\n<\/p><p style=\"display: none !important;\" class=\"akismet-fields-container\" data-prefix=\"_wpcf7_ak_\"><label>&#916;<textarea name=\"_wpcf7_ak_hp_textarea\" cols=\"45\" rows=\"8\" maxlength=\"100\"><\/textarea><\/label><input type=\"hidden\" id=\"ak_js_1\" name=\"_wpcf7_ak_js\" value=\"232\"\/><script>document.getElementById( \"ak_js_1\" ).setAttribute( \"value\", ( new Date() ).getTime() );<\/script><\/p><div class=\"wpcf7-response-output\" aria-hidden=\"true\"><\/div>\n<\/form>\n<\/div>\n\n","protected":false},"excerpt":{"rendered":"<p>Denkmalpflege und Besucherf\u00fchrungen in der Zeit vor der Museumsgr\u00fcndung Mitte der 1980er Jahre war absehbar, dass 1988 am Rammelsberg die Erzreserven und damit die F\u00f6rderung zu Ende gehen w\u00fcrden. Damit &hellip; <\/p>\n<p class=\"link-more\"><a href=\"https:\/\/foerderverein-rammelsberg.de\/hp\/2010\/12\/30\/2010-der-roederstollen\/\" class=\"more-link\"><span class=\"screen-reader-text\">\u201e2010: Der R\u00f6derstollen\u201c <\/span>weiterlesen<\/a><\/p>\n","protected":false},"author":1,"featured_media":0,"comment_status":"open","ping_status":"open","sticky":false,"template":"","format":"standard","meta":{"footnotes":""},"categories":[8],"tags":[],"class_list":["post-223","post","type-post","status-publish","format-standard","hentry","category-veroeffentlichungen"],"_links":{"self":[{"href":"https:\/\/foerderverein-rammelsberg.de\/hp\/wp-json\/wp\/v2\/posts\/223","targetHints":{"allow":["GET"]}}],"collection":[{"href":"https:\/\/foerderverein-rammelsberg.de\/hp\/wp-json\/wp\/v2\/posts"}],"about":[{"href":"https:\/\/foerderverein-rammelsberg.de\/hp\/wp-json\/wp\/v2\/types\/post"}],"author":[{"embeddable":true,"href":"https:\/\/foerderverein-rammelsberg.de\/hp\/wp-json\/wp\/v2\/users\/1"}],"replies":[{"embeddable":true,"href":"https:\/\/foerderverein-rammelsberg.de\/hp\/wp-json\/wp\/v2\/comments?post=223"}],"version-history":[{"count":2,"href":"https:\/\/foerderverein-rammelsberg.de\/hp\/wp-json\/wp\/v2\/posts\/223\/revisions"}],"predecessor-version":[{"id":457,"href":"https:\/\/foerderverein-rammelsberg.de\/hp\/wp-json\/wp\/v2\/posts\/223\/revisions\/457"}],"wp:attachment":[{"href":"https:\/\/foerderverein-rammelsberg.de\/hp\/wp-json\/wp\/v2\/media?parent=223"}],"wp:term":[{"taxonomy":"category","embeddable":true,"href":"https:\/\/foerderverein-rammelsberg.de\/hp\/wp-json\/wp\/v2\/categories?post=223"},{"taxonomy":"post_tag","embeddable":true,"href":"https:\/\/foerderverein-rammelsberg.de\/hp\/wp-json\/wp\/v2\/tags?post=223"}],"curies":[{"name":"wp","href":"https:\/\/api.w.org\/{rel}","templated":true}]}}