{"id":219,"date":"2008-12-31T00:00:55","date_gmt":"2008-12-30T23:00:55","guid":{"rendered":"http:\/\/foerderverein-rammelsberg.de\/hp\/?p=219"},"modified":"2025-02-18T18:52:36","modified_gmt":"2025-02-18T17:52:36","slug":"2008-tagesanlagen-des-rammelsberges","status":"publish","type":"post","link":"https:\/\/foerderverein-rammelsberg.de\/hp\/2008\/12\/31\/2008-tagesanlagen-des-rammelsberges\/","title":{"rendered":"2008: Tagesanlagen des Rammelsberges"},"content":{"rendered":"\n<p>Zum ehemaligen Erzbergwerk Rammelsberg geh\u00f6rte in seiner au\u00dferordentlich langen Betriebsgeschichte&nbsp; eine gro\u00dfe Zahl von Tagesanlagen. Sie&nbsp; hatten untereinander technisch-organisatorische Verbindungen und bildeten&nbsp; Ensembles, die von Zeitabschnitt zu Zeitabschnitt sehr unterschiedlich aussahen. Das vorliegende Heft soll einen \u00dcberblick geben \u00fcber dieses bislang noch nicht in Form einer eigenst\u00e4ndigen Monographie behandelte Thema.<\/p>\n\n\n\n<div class=\"wpcf7 no-js\" id=\"wpcf7-f444-o1\" lang=\"de-DE\" dir=\"ltr\" data-wpcf7-id=\"444\">\n<div class=\"screen-reader-response\"><p role=\"status\" aria-live=\"polite\" aria-atomic=\"true\"><\/p> <ul><\/ul><\/div>\n<form action=\"\/hp\/wp-json\/wp\/v2\/posts\/219#wpcf7-f444-o1\" method=\"post\" class=\"wpcf7-form init\" aria-label=\"Kontaktformular\" novalidate=\"novalidate\" data-status=\"init\">\n<fieldset class=\"hidden-fields-container\"><input type=\"hidden\" name=\"_wpcf7\" value=\"444\" \/><input type=\"hidden\" name=\"_wpcf7_version\" value=\"6.1.5\" \/><input type=\"hidden\" name=\"_wpcf7_locale\" value=\"de_DE\" \/><input type=\"hidden\" name=\"_wpcf7_unit_tag\" value=\"wpcf7-f444-o1\" \/><input type=\"hidden\" name=\"_wpcf7_container_post\" value=\"0\" \/><input type=\"hidden\" name=\"_wpcf7_posted_data_hash\" value=\"\" \/>\n<\/fieldset>\n<p><label> Ich interessiere mich f\u00fcr diese Jahresgabe!<br \/>\nEinige unserer Jahresgaben sind noch in als Heft zu bekommen, andere nur noch als PDF Datei.<\/label><br \/>\n<label> Mein Name<br \/>\n<span class=\"wpcf7-form-control-wrap\" data-name=\"meinname\"><input size=\"40\" maxlength=\"400\" class=\"wpcf7-form-control wpcf7-text\" autocomplete=\"name\" aria-invalid=\"false\" value=\"\" type=\"text\" name=\"meinname\" \/><\/span> <\/label>\n<\/p>\n<p><label> E-Mail<br \/>\n<span class=\"wpcf7-form-control-wrap\" data-name=\"your-email\"><input size=\"40\" maxlength=\"400\" class=\"wpcf7-form-control wpcf7-email wpcf7-validates-as-required wpcf7-text wpcf7-validates-as-email\" autocomplete=\"email\" aria-required=\"true\" aria-invalid=\"false\" value=\"\" type=\"email\" name=\"your-email\" \/><\/span> <\/label>\n<\/p>\n<p><label> Version<br \/>\n<span class=\"wpcf7-form-control-wrap\" data-name=\"Version\"><select class=\"wpcf7-form-control wpcf7-select wpcf7-validates-as-required\" aria-required=\"true\" aria-invalid=\"false\" name=\"Version\"><option value=\"PDF\">PDF<\/option><option value=\"Heft\">Heft<\/option><\/select><\/span> <\/label>\n<\/p>\n<p><label> Was ich noch sagen m\u00f6chte:<br \/>\n<span class=\"wpcf7-form-control-wrap\" data-name=\"weiteres\"><input size=\"40\" maxlength=\"400\" class=\"wpcf7-form-control wpcf7-text\" aria-invalid=\"false\" value=\"\" type=\"text\" name=\"weiteres\" \/><\/span> <\/label>\n<\/p>\n<p><label> Du bist schlauer als ein Computer<br \/>\n<span class=\"wpcf7-form-control-wrap\" data-name=\"quiz-588\"><label><span class=\"wpcf7-quiz-label\">Welche Farbe haben die &quot;gelben Hefte&quot;<\/span> <input size=\"40\" class=\"wpcf7-form-control wpcf7-quiz\" autocomplete=\"off\" aria-required=\"true\" aria-invalid=\"false\" type=\"text\" name=\"quiz-588\" \/><\/label><input type=\"hidden\" name=\"_wpcf7_quiz_answer_quiz-588\" value=\"8ec666a24b0334d900dde2dab2b7d4d8\" \/><\/span> <\/label>\n<\/p>\n<p><input class=\"wpcf7-form-control wpcf7-submit has-spinner\" type=\"submit\" value=\"Anfrage absenden\" \/>\n<\/p><p style=\"display: none !important;\" class=\"akismet-fields-container\" data-prefix=\"_wpcf7_ak_\"><label>&#916;<textarea name=\"_wpcf7_ak_hp_textarea\" cols=\"45\" rows=\"8\" maxlength=\"100\"><\/textarea><\/label><input type=\"hidden\" id=\"ak_js_1\" name=\"_wpcf7_ak_js\" value=\"48\"\/><script>document.getElementById( \"ak_js_1\" ).setAttribute( \"value\", ( new Date() ).getTime() );<\/script><\/p><div class=\"wpcf7-response-output\" aria-hidden=\"true\"><\/div>\n<\/form>\n<\/div>\n\n","protected":false},"excerpt":{"rendered":"<p>Zum ehemaligen Erzbergwerk Rammelsberg geh\u00f6rte in seiner au\u00dferordentlich langen Betriebsgeschichte&nbsp; eine gro\u00dfe Zahl von Tagesanlagen. Sie&nbsp; hatten untereinander technisch-organisatorische Verbindungen und bildeten&nbsp; Ensembles, die von Zeitabschnitt zu Zeitabschnitt sehr unterschiedlich &hellip; <\/p>\n<p class=\"link-more\"><a href=\"https:\/\/foerderverein-rammelsberg.de\/hp\/2008\/12\/31\/2008-tagesanlagen-des-rammelsberges\/\" class=\"more-link\"><span class=\"screen-reader-text\">\u201e2008: Tagesanlagen des Rammelsberges\u201c <\/span>weiterlesen<\/a><\/p>\n","protected":false},"author":1,"featured_media":0,"comment_status":"open","ping_status":"open","sticky":false,"template":"","format":"standard","meta":{"footnotes":""},"categories":[8],"tags":[],"class_list":["post-219","post","type-post","status-publish","format-standard","hentry","category-veroeffentlichungen"],"_links":{"self":[{"href":"https:\/\/foerderverein-rammelsberg.de\/hp\/wp-json\/wp\/v2\/posts\/219","targetHints":{"allow":["GET"]}}],"collection":[{"href":"https:\/\/foerderverein-rammelsberg.de\/hp\/wp-json\/wp\/v2\/posts"}],"about":[{"href":"https:\/\/foerderverein-rammelsberg.de\/hp\/wp-json\/wp\/v2\/types\/post"}],"author":[{"embeddable":true,"href":"https:\/\/foerderverein-rammelsberg.de\/hp\/wp-json\/wp\/v2\/users\/1"}],"replies":[{"embeddable":true,"href":"https:\/\/foerderverein-rammelsberg.de\/hp\/wp-json\/wp\/v2\/comments?post=219"}],"version-history":[{"count":2,"href":"https:\/\/foerderverein-rammelsberg.de\/hp\/wp-json\/wp\/v2\/posts\/219\/revisions"}],"predecessor-version":[{"id":460,"href":"https:\/\/foerderverein-rammelsberg.de\/hp\/wp-json\/wp\/v2\/posts\/219\/revisions\/460"}],"wp:attachment":[{"href":"https:\/\/foerderverein-rammelsberg.de\/hp\/wp-json\/wp\/v2\/media?parent=219"}],"wp:term":[{"taxonomy":"category","embeddable":true,"href":"https:\/\/foerderverein-rammelsberg.de\/hp\/wp-json\/wp\/v2\/categories?post=219"},{"taxonomy":"post_tag","embeddable":true,"href":"https:\/\/foerderverein-rammelsberg.de\/hp\/wp-json\/wp\/v2\/tags?post=219"}],"curies":[{"name":"wp","href":"https:\/\/api.w.org\/{rel}","templated":true}]}}